{"id":12115,"date":"2024-02-14T18:00:03","date_gmt":"2024-02-14T17:00:03","guid":{"rendered":"https:\/\/wohnmobilpark-mazarron.com\/?p=12115"},"modified":"2024-02-16T09:29:27","modified_gmt":"2024-02-16T08:29:27","slug":"tag-der-liebe","status":"publish","type":"post","link":"https:\/\/wohnmobilpark-mazarron.com\/en\/tag-der-liebe\/","title":{"rendered":"Day of love"},"content":{"rendered":"<h2>Valentine's Day at the \u00c1rea C\u00e1mper Mazarr\u00f3n<\/h2>\r\n<p>We celebrated Valentine's Day together with our guests in the salon. The colour red dominated the salon and we even spotted some shoes in the colour of love. The group Duo Una Jam led us through the evening musically, partly supported by our guests.<\/p>\r\n<p>But let the pictures speak for themselves!<\/p>\r\n<p><img loading=\"lazy\" decoding=\"async\" title=\"AC-M-24-02-14-00010-Valentinstag\" src=\"https:\/\/wohnmobilpark-mazarron.com\/wp-content\/uploads\/2024\/02\/AC-M-24-02-14-00010-Valentinstag.jpg\" alt=\"AC-M-24-02-14-00010-Valentinstag\" width=\"1200\" height=\"800\"> <img loading=\"lazy\" decoding=\"async\" title=\"AC-M-24-02-14-00007-Valentinstag\" src=\"https:\/\/wohnmobilpark-mazarron.com\/wp-content\/uploads\/2024\/02\/AC-M-24-02-14-00007-Valentinstag.jpg\" alt=\"AC-M-24-02-14-00007-Valentinstag\" width=\"1200\" height=\"800\"> <img loading=\"lazy\" decoding=\"async\" title=\"AC-M-24-02-14-00009-Valentinstag\" src=\"https:\/\/wohnmobilpark-mazarron.com\/wp-content\/uploads\/2024\/02\/AC-M-24-02-14-00009-Valentinstag.jpg\" alt=\"AC-M-24-02-14-00009-Valentinstag\" width=\"1200\" height=\"800\"> <img loading=\"lazy\" decoding=\"async\" title=\"AC-M-24-02-14-00008-Valentinstag\" src=\"https:\/\/wohnmobilpark-mazarron.com\/wp-content\/uploads\/2024\/02\/AC-M-24-02-14-00008-Valentinstag.jpg\" alt=\"AC-M-24-02-14-00008-Valentinstag\" width=\"1200\" height=\"800\"> <img loading=\"lazy\" decoding=\"async\" title=\"AC-M-24-02-14-00002-Valentinstag\" src=\"https:\/\/wohnmobilpark-mazarron.com\/wp-content\/uploads\/2024\/02\/AC-M-24-02-14-00002-Valentinstag.jpg\" alt=\"AC-M-24-02-14-00002-Valentinstag\" width=\"1200\" height=\"800\"> <img loading=\"lazy\" decoding=\"async\" title=\"AC-M-24-02-14-00003-Valentinstag\" src=\"https:\/\/wohnmobilpark-mazarron.com\/wp-content\/uploads\/2024\/02\/AC-M-24-02-14-00003-Valentinstag.jpg\" alt=\"AC-M-24-02-14-00003-Valentinstag\" width=\"1200\" height=\"800\"> <img loading=\"lazy\" decoding=\"async\" title=\"AC-M-24-02-14-00013-Valentinstag\" src=\"https:\/\/wohnmobilpark-mazarron.com\/wp-content\/uploads\/2024\/02\/AC-M-24-02-14-00013-Valentinstag.jpg\" alt=\"AC-M-24-02-14-00013-Valentinstag\" width=\"1200\" height=\"800\"> <img loading=\"lazy\" decoding=\"async\" title=\"AC-M-24-02-14-00015-Valentinstag\" src=\"https:\/\/wohnmobilpark-mazarron.com\/wp-content\/uploads\/2024\/02\/AC-M-24-02-14-00015-Valentinstag.jpg\" alt=\"AC-M-24-02-14-00015-Valentinstag\" width=\"1200\" height=\"800\"> <img loading=\"lazy\" decoding=\"async\" title=\"AC-M-24-02-14-00018-Valentinstag\" src=\"https:\/\/wohnmobilpark-mazarron.com\/wp-content\/uploads\/2024\/02\/AC-M-24-02-14-00018-Valentinstag.jpg\" alt=\"AC-M-24-02-14-00018-Valentinstag\" width=\"800\" height=\"1200\"> <img loading=\"lazy\" decoding=\"async\" title=\"AC-M-24-02-14-00017-Valentinstag\" src=\"https:\/\/wohnmobilpark-mazarron.com\/wp-content\/uploads\/2024\/02\/AC-M-24-02-14-00017-Valentinstag.jpg\" alt=\"AC-M-24-02-14-00017-Valentinstag\" width=\"800\" height=\"1200\"> <img loading=\"lazy\" decoding=\"async\" title=\"AC-M-24-02-14-00011-Valentinstag\" src=\"https:\/\/wohnmobilpark-mazarron.com\/wp-content\/uploads\/2024\/02\/AC-M-24-02-14-00011-Valentinstag.jpg\" alt=\"AC-M-24-02-14-00011-Valentinstag\" width=\"1200\" height=\"800\"> <img loading=\"lazy\" decoding=\"async\" title=\"AC-M-24-02-14-00005-Valentinstag\" src=\"https:\/\/wohnmobilpark-mazarron.com\/wp-content\/uploads\/2024\/02\/AC-M-24-02-14-00005-Valentinstag.jpg\" alt=\"AC-M-24-02-14-00005-Valentinstag\" width=\"1200\" height=\"800\"> <img loading=\"lazy\" decoding=\"async\" title=\"AC-M-24-02-14-00006-Valentinstag\" src=\"https:\/\/wohnmobilpark-mazarron.com\/wp-content\/uploads\/2024\/02\/AC-M-24-02-14-00006-Valentinstag.jpg\" alt=\"AC-M-24-02-14-00006-Valentinstag\" width=\"1200\" height=\"800\"> <img loading=\"lazy\" decoding=\"async\" title=\"AC-M-24-02-14-00012-Valentinstag\" src=\"https:\/\/wohnmobilpark-mazarron.com\/wp-content\/uploads\/2024\/02\/AC-M-24-02-14-00012-Valentinstag.jpg\" alt=\"AC-M-24-02-14-00012-Valentinstag\" width=\"1200\" height=\"800\"> <img loading=\"lazy\" decoding=\"async\" title=\"AC-M-24-02-14-00001-Valentinstag\" src=\"https:\/\/wohnmobilpark-mazarron.com\/wp-content\/uploads\/2024\/02\/AC-M-24-02-14-00001-Valentinstag.jpg\" alt=\"AC-M-24-02-14-00001-Valentinstag\" width=\"1200\" height=\"800\"><\/p>","protected":false},"excerpt":{"rendered":"<p>Valentinstag auf dem \u00c1rea C\u00e1mper Mazarr\u00f3n Im Salon feierten wir gemeinsam mit unseren G\u00e4sten den Valentinstag. Die Farbe rot dominierte den Salon und selbst einige Schuhe entdeckten wir in der Farbe der Liebe. Die Gruppe Duo Una Jam f\u00fchrte uns musikalisch durch den Abend, teils unterst\u00fctzt von unseren G\u00e4sten. Aber, [&hellip;]<\/p>","protected":false},"author":1,"featured_media":12100,"comment_status":"closed","ping_status":"closed","sticky":false,"template":"","format":"standard","meta":{"ngg_post_thumbnail":0,"_jetpack_memberships_contains_paid_content":false,"footnotes":""},"categories":[158],"tags":[159],"class_list":["post-12115","post","type-post","status-publish","format-standard","has-post-thumbnail","hentry","category-veranstaltungen","tag-veranstaltungen"],"yoast_head":"<!-- This site is optimized with the Yoast SEO plugin v23.1 - https:\/\/yoast.com\/wordpress\/plugins\/seo\/ -->\n<title>Tag der Liebe - \u00c1rea Camping Mazarr\u00f3n<\/title>\n<meta name=\"robots\" content=\"index, follow, max-snippet:-1, max-image-preview:large, max-video-preview:-1\" \/>\n<link rel=\"canonical\" href=\"https:\/\/wohnmobilpark-mazarron.com\/en\/tag-der-liebe\/\" \/>\n<meta property=\"og:locale\" content=\"en_GB\" \/>\n<meta property=\"og:type\" content=\"article\" \/>\n<meta property=\"og:title\" content=\"Tag der Liebe - \u00c1rea Camping Mazarr\u00f3n\" \/>\n<meta property=\"og:description\" content=\"Valentinstag auf dem \u00c1rea C\u00e1mper Mazarr\u00f3n Im Salon feierten wir gemeinsam mit unseren G\u00e4sten den Valentinstag. Die Farbe rot dominierte den Salon und selbst einige Schuhe entdeckten wir in der Farbe der Liebe. Die Gruppe Duo Una Jam f\u00fchrte uns musikalisch durch den Abend, teils unterst\u00fctzt von unseren G\u00e4sten. Aber, [&hellip;]\" \/>\n<meta property=\"og:url\" content=\"https:\/\/wohnmobilpark-mazarron.com\/en\/tag-der-liebe\/\" \/>\n<meta property=\"og:site_name\" content=\"\u00c1rea Camping Mazarr\u00f3n\" \/>\n<meta property=\"article:published_time\" content=\"2024-02-14T17:00:03+00:00\" \/>\n<meta property=\"article:modified_time\" content=\"2024-02-16T08:29:27+00:00\" \/>\n<meta property=\"og:image\" content=\"https:\/\/wohnmobilpark-mazarron.com\/wp-content\/uploads\/2024\/02\/AC-M-24-02-14-00004-Valentinstag.jpg\" \/>\n\t<meta property=\"og:image:width\" content=\"1200\" \/>\n\t<meta property=\"og:image:height\" content=\"800\" \/>\n\t<meta property=\"og:image:type\" content=\"image\/jpeg\" \/>\n<meta name=\"author\" content=\"admin\" \/>\n<meta name=\"twitter:card\" content=\"summary_large_image\" \/>\n<meta name=\"twitter:label1\" content=\"Written by\" \/>\n\t<meta name=\"twitter:data1\" content=\"admin\" \/>\n<script type=\"application\/ld+json\" class=\"yoast-schema-graph\">{\"@context\":\"https:\/\/schema.org\",\"@graph\":[{\"@type\":\"WebPage\",\"@id\":\"https:\/\/wohnmobilpark-mazarron.com\/tag-der-liebe\/\",\"url\":\"https:\/\/wohnmobilpark-mazarron.com\/tag-der-liebe\/\",\"name\":\"Tag der Liebe - \u00c1rea Camping Mazarr\u00f3n\",\"isPartOf\":{\"@id\":\"https:\/\/wohnmobilpark-mazarron.com\/en\/#website\"},\"primaryImageOfPage\":{\"@id\":\"https:\/\/wohnmobilpark-mazarron.com\/tag-der-liebe\/#primaryimage\"},\"image\":{\"@id\":\"https:\/\/wohnmobilpark-mazarron.com\/tag-der-liebe\/#primaryimage\"},\"thumbnailUrl\":\"https:\/\/wohnmobilpark-mazarron.com\/wp-content\/uploads\/2024\/02\/AC-M-24-02-14-00004-Valentinstag.jpg\",\"datePublished\":\"2024-02-14T17:00:03+00:00\",\"dateModified\":\"2024-02-16T08:29:27+00:00\",\"author\":{\"@id\":\"https:\/\/wohnmobilpark-mazarron.com\/en\/#\/schema\/person\/e4d5b402f56729f48031bb2787832a57\"},\"breadcrumb\":{\"@id\":\"https:\/\/wohnmobilpark-mazarron.com\/tag-der-liebe\/#breadcrumb\"},\"inLanguage\":\"en-GB\",\"potentialAction\":[{\"@type\":\"ReadAction\",\"target\":[\"https:\/\/wohnmobilpark-mazarron.com\/tag-der-liebe\/\"]}]},{\"@type\":\"ImageObject\",\"inLanguage\":\"en-GB\",\"@id\":\"https:\/\/wohnmobilpark-mazarron.com\/tag-der-liebe\/#primaryimage\",\"url\":\"https:\/\/wohnmobilpark-mazarron.com\/wp-content\/uploads\/2024\/02\/AC-M-24-02-14-00004-Valentinstag.jpg\",\"contentUrl\":\"https:\/\/wohnmobilpark-mazarron.com\/wp-content\/uploads\/2024\/02\/AC-M-24-02-14-00004-Valentinstag.jpg\",\"width\":1200,\"height\":800},{\"@type\":\"BreadcrumbList\",\"@id\":\"https:\/\/wohnmobilpark-mazarron.com\/tag-der-liebe\/#breadcrumb\",\"itemListElement\":[{\"@type\":\"ListItem\",\"position\":1,\"name\":\"Startseite\",\"item\":\"https:\/\/wohnmobilpark-mazarron.com\/en\/\"},{\"@type\":\"ListItem\",\"position\":2,\"name\":\"Tag der Liebe\"}]},{\"@type\":\"WebSite\",\"@id\":\"https:\/\/wohnmobilpark-mazarron.com\/en\/#website\",\"url\":\"https:\/\/wohnmobilpark-mazarron.com\/en\/\",\"name\":\"\u00c1rea Camping Mazarr\u00f3n\",\"description\":\"Stellplatz f\u00fcr Wohnmobile und Wohnwagen\",\"potentialAction\":[{\"@type\":\"SearchAction\",\"target\":{\"@type\":\"EntryPoint\",\"urlTemplate\":\"https:\/\/wohnmobilpark-mazarron.com\/en\/?s={search_term_string}\"},\"query-input\":\"required name=search_term_string\"}],\"inLanguage\":\"en-GB\"},{\"@type\":\"Person\",\"@id\":\"https:\/\/wohnmobilpark-mazarron.com\/en\/#\/schema\/person\/e4d5b402f56729f48031bb2787832a57\",\"name\":\"admin\",\"image\":{\"@type\":\"ImageObject\",\"inLanguage\":\"en-GB\",\"@id\":\"https:\/\/wohnmobilpark-mazarron.com\/en\/#\/schema\/person\/image\/\",\"url\":\"https:\/\/secure.gravatar.com\/avatar\/01632806d6a25e8a2dc6bcb4ac85b5f5f633d736ef5bda1a21eb50e9448629c8?s=96&d=mm&r=g\",\"contentUrl\":\"https:\/\/secure.gravatar.com\/avatar\/01632806d6a25e8a2dc6bcb4ac85b5f5f633d736ef5bda1a21eb50e9448629c8?s=96&d=mm&r=g\",\"caption\":\"admin\"},\"sameAs\":[\"https:\/\/wohnmobilpark-mazarron.com\"],\"url\":\"https:\/\/wohnmobilpark-mazarron.com\/en\/author\/admin\/\"}]}<\/script>\n<!-- \/ Yoast SEO plugin. -->","yoast_head_json":{"title":"Tag der Liebe - \u00c1rea Camping Mazarr\u00f3n","robots":{"index":"index","follow":"follow","max-snippet":"max-snippet:-1","max-image-preview":"max-image-preview:large","max-video-preview":"max-video-preview:-1"},"canonical":"https:\/\/wohnmobilpark-mazarron.com\/en\/tag-der-liebe\/","og_locale":"en_GB","og_type":"article","og_title":"Tag der Liebe - \u00c1rea Camping Mazarr\u00f3n","og_description":"Valentinstag auf dem \u00c1rea C\u00e1mper Mazarr\u00f3n Im Salon feierten wir gemeinsam mit unseren G\u00e4sten den Valentinstag. Die Farbe rot dominierte den Salon und selbst einige Schuhe entdeckten wir in der Farbe der Liebe. Die Gruppe Duo Una Jam f\u00fchrte uns musikalisch durch den Abend, teils unterst\u00fctzt von unseren G\u00e4sten. Aber, [&hellip;]","og_url":"https:\/\/wohnmobilpark-mazarron.com\/en\/tag-der-liebe\/","og_site_name":"\u00c1rea Camping Mazarr\u00f3n","article_published_time":"2024-02-14T17:00:03+00:00","article_modified_time":"2024-02-16T08:29:27+00:00","og_image":[{"width":1200,"height":800,"url":"https:\/\/wohnmobilpark-mazarron.com\/wp-content\/uploads\/2024\/02\/AC-M-24-02-14-00004-Valentinstag.jpg","type":"image\/jpeg"}],"author":"admin","twitter_card":"summary_large_image","twitter_misc":{"Written by":"admin"},"schema":{"@context":"https:\/\/schema.org","@graph":[{"@type":"WebPage","@id":"https:\/\/wohnmobilpark-mazarron.com\/tag-der-liebe\/","url":"https:\/\/wohnmobilpark-mazarron.com\/tag-der-liebe\/","name":"Tag der Liebe - \u00c1rea Camping Mazarr\u00f3n","isPartOf":{"@id":"https:\/\/wohnmobilpark-mazarron.com\/en\/#website"},"primaryImageOfPage":{"@id":"https:\/\/wohnmobilpark-mazarron.com\/tag-der-liebe\/#primaryimage"},"image":{"@id":"https:\/\/wohnmobilpark-mazarron.com\/tag-der-liebe\/#primaryimage"},"thumbnailUrl":"https:\/\/wohnmobilpark-mazarron.com\/wp-content\/uploads\/2024\/02\/AC-M-24-02-14-00004-Valentinstag.jpg","datePublished":"2024-02-14T17:00:03+00:00","dateModified":"2024-02-16T08:29:27+00:00","author":{"@id":"https:\/\/wohnmobilpark-mazarron.com\/en\/#\/schema\/person\/e4d5b402f56729f48031bb2787832a57"},"breadcrumb":{"@id":"https:\/\/wohnmobilpark-mazarron.com\/tag-der-liebe\/#breadcrumb"},"inLanguage":"en-GB","potentialAction":[{"@type":"ReadAction","target":["https:\/\/wohnmobilpark-mazarron.com\/tag-der-liebe\/"]}]},{"@type":"ImageObject","inLanguage":"en-GB","@id":"https:\/\/wohnmobilpark-mazarron.com\/tag-der-liebe\/#primaryimage","url":"https:\/\/wohnmobilpark-mazarron.com\/wp-content\/uploads\/2024\/02\/AC-M-24-02-14-00004-Valentinstag.jpg","contentUrl":"https:\/\/wohnmobilpark-mazarron.com\/wp-content\/uploads\/2024\/02\/AC-M-24-02-14-00004-Valentinstag.jpg","width":1200,"height":800},{"@type":"BreadcrumbList","@id":"https:\/\/wohnmobilpark-mazarron.com\/tag-der-liebe\/#breadcrumb","itemListElement":[{"@type":"ListItem","position":1,"name":"Startseite","item":"https:\/\/wohnmobilpark-mazarron.com\/en\/"},{"@type":"ListItem","position":2,"name":"Tag der Liebe"}]},{"@type":"WebSite","@id":"https:\/\/wohnmobilpark-mazarron.com\/en\/#website","url":"https:\/\/wohnmobilpark-mazarron.com\/en\/","name":"\u00c1rea Camping Mazarr\u00f3n","description":"Stellplatz f\u00fcr Wohnmobile und Wohnwagen","potentialAction":[{"@type":"SearchAction","target":{"@type":"EntryPoint","urlTemplate":"https:\/\/wohnmobilpark-mazarron.com\/en\/?s={search_term_string}"},"query-input":"required name=search_term_string"}],"inLanguage":"en-GB"},{"@type":"Person","@id":"https:\/\/wohnmobilpark-mazarron.com\/en\/#\/schema\/person\/e4d5b402f56729f48031bb2787832a57","name":"admin","image":{"@type":"ImageObject","inLanguage":"en-GB","@id":"https:\/\/wohnmobilpark-mazarron.com\/en\/#\/schema\/person\/image\/","url":"https:\/\/secure.gravatar.com\/avatar\/01632806d6a25e8a2dc6bcb4ac85b5f5f633d736ef5bda1a21eb50e9448629c8?s=96&d=mm&r=g","contentUrl":"https:\/\/secure.gravatar.com\/avatar\/01632806d6a25e8a2dc6bcb4ac85b5f5f633d736ef5bda1a21eb50e9448629c8?s=96&d=mm&r=g","caption":"admin"},"sameAs":["https:\/\/wohnmobilpark-mazarron.com"],"url":"https:\/\/wohnmobilpark-mazarron.com\/en\/author\/admin\/"}]}},"jetpack_sharing_enabled":true,"jetpack_featured_media_url":"https:\/\/wohnmobilpark-mazarron.com\/wp-content\/uploads\/2024\/02\/AC-M-24-02-14-00004-Valentinstag.jpg","_links":{"self":[{"href":"https:\/\/wohnmobilpark-mazarron.com\/en\/wp-json\/wp\/v2\/posts\/12115","targetHints":{"allow":["GET"]}}],"collection":[{"href":"https:\/\/wohnmobilpark-mazarron.com\/en\/wp-json\/wp\/v2\/posts"}],"about":[{"href":"https:\/\/wohnmobilpark-mazarron.com\/en\/wp-json\/wp\/v2\/types\/post"}],"author":[{"embeddable":true,"href":"https:\/\/wohnmobilpark-mazarron.com\/en\/wp-json\/wp\/v2\/users\/1"}],"replies":[{"embeddable":true,"href":"https:\/\/wohnmobilpark-mazarron.com\/en\/wp-json\/wp\/v2\/comments?post=12115"}],"version-history":[{"count":3,"href":"https:\/\/wohnmobilpark-mazarron.com\/en\/wp-json\/wp\/v2\/posts\/12115\/revisions"}],"predecessor-version":[{"id":12118,"href":"https:\/\/wohnmobilpark-mazarron.com\/en\/wp-json\/wp\/v2\/posts\/12115\/revisions\/12118"}],"wp:featuredmedia":[{"embeddable":true,"href":"https:\/\/wohnmobilpark-mazarron.com\/en\/wp-json\/wp\/v2\/media\/12100"}],"wp:attachment":[{"href":"https:\/\/wohnmobilpark-mazarron.com\/en\/wp-json\/wp\/v2\/media?parent=12115"}],"wp:term":[{"taxonomy":"category","embeddable":true,"href":"https:\/\/wohnmobilpark-mazarron.com\/en\/wp-json\/wp\/v2\/categories?post=12115"},{"taxonomy":"post_tag","embeddable":true,"href":"https:\/\/wohnmobilpark-mazarron.com\/en\/wp-json\/wp\/v2\/tags?post=12115"}],"curies":[{"name":"wp","href":"https:\/\/api.w.org\/{rel}","templated":true}]}}